 {"id":9041,"date":"2021-02-12T14:47:05","date_gmt":"2021-02-12T14:47:05","guid":{"rendered":"https:\/\/remoticom.com\/?p=9041"},"modified":"2023-07-19T09:03:55","modified_gmt":"2023-07-19T09:03:55","slug":"nieuws-het-verlagen-van-de-licht-footprint","status":"publish","type":"post","link":"https:\/\/remoticom.com\/de\/nieuws-het-verlagen-van-de-licht-footprint\/","title":{"rendered":"NACHRICHTEN: Reduzierung des CO2-Fu\u00dfabdrucks."},"content":{"rendered":"<div data-elementor-type=\"wp-post\" data-elementor-id=\"9041\" class=\"elementor elementor-9041\">\n\t\t\t\t\t\t<section class=\"elementor-section elementor-top-section elementor-element elementor-element-477ad7f elementor-section-boxed elementor-section-height-default elementor-section-height-default\" data-id=\"477ad7f\" data-element_type=\"section\">\n\t\t\t\t\t\t<div class=\"elementor-container elementor-column-gap-default\">\n\t\t\t\t\t<div class=\"elementor-column elementor-col-100 elementor-top-column elementor-element elementor-element-dc841f4\" data-id=\"dc841f4\" data-element_type=\"column\">\n\t\t\t<div class=\"elementor-widget-wrap elementor-element-populated\">\n\t\t\t\t\t\t<div class=\"elementor-element elementor-element-48c4e4c elementor-widget elementor-widget-text-editor\" data-id=\"48c4e4c\" data-element_type=\"widget\" data-widget_type=\"text-editor.default\">\n\t\t\t\t<div class=\"elementor-widget-container\">\n\t\t\t\t\t\t\t\t\t<p>Gemeinsam mit unserem Partner Lightronics wollen wir den CO2-Fu\u00dfabdruck reduzieren, indem wir die \u00f6ffentliche Beleuchtung nachhaltiger gestalten. Beispielsweise konnten wir in den letzten Jahren verschiedene Pilotprojekte in der bebauten Umwelt durchf\u00fchren, insbesondere in Nordbrabant. Neue Technologien wurden in die Praxis umgesetzt und werden sowohl f\u00fcr den \u00f6ffentlichen als auch f\u00fcr den privaten Sektor weiterentwickelt. Dazu geh\u00f6ren Kommunen, Wohnungsbaugesellschaften, Schulen und Unternehmen.<\/p>\t\t\t\t\t\t\t\t<\/div>\n\t\t\t\t<\/div>\n\t\t\t\t\t<\/div>\n\t\t<\/div>\n\t\t\t\t\t<\/div>\n\t\t<\/section>\n\t\t\t\t<section class=\"elementor-section elementor-top-section elementor-element elementor-element-f0680a6 elementor-section-boxed elementor-section-height-default elementor-section-height-default\" data-id=\"f0680a6\" data-element_type=\"section\">\n\t\t\t\t\t\t<div class=\"elementor-container elementor-column-gap-default\">\n\t\t\t\t\t<div class=\"elementor-column elementor-col-100 elementor-top-column elementor-element elementor-element-b214d1a\" data-id=\"b214d1a\" data-element_type=\"column\">\n\t\t\t<div class=\"elementor-widget-wrap elementor-element-populated\">\n\t\t\t\t\t\t<div class=\"elementor-element elementor-element-53021e5 elementor-widget elementor-widget-heading\" data-id=\"53021e5\" data-element_type=\"widget\" data-widget_type=\"heading.default\">\n\t\t\t\t<div class=\"elementor-widget-container\">\n\t\t\t\t\t<h2 class=\"elementor-heading-title elementor-size-default\">Projekt ikares<span style=\"color: #FB3640\">.<\/span><\/h2>\t\t\t\t<\/div>\n\t\t\t\t<\/div>\n\t\t\t\t<div class=\"elementor-element elementor-element-723dd25 elementor-widget elementor-widget-text-editor\" data-id=\"723dd25\" data-element_type=\"widget\" data-widget_type=\"text-editor.default\">\n\t\t\t\t<div class=\"elementor-widget-container\">\n\t\t\t\t\t\t\t\t\t<p>Das Obige w\u00e4re ohne das Projekt IKARES, Intelligent Low Carbon Energy Systems, niemals m\u00f6glich gewesen. Dieses Projekt wird von der Europ\u00e4ischen Union aus dem Europ\u00e4ischen Fonds f\u00fcr regionale Entwicklung gef\u00f6rdert.<\/p>\t\t\t\t\t\t\t\t<\/div>\n\t\t\t\t<\/div>\n\t\t\t\t<div class=\"elementor-element elementor-element-7a0a123 elementor-widget elementor-widget-heading\" data-id=\"7a0a123\" data-element_type=\"widget\" data-widget_type=\"heading.default\">\n\t\t\t\t<div class=\"elementor-widget-container\">\n\t\t\t\t\t<h2 class=\"elementor-heading-title elementor-size-default\">Beleuchtung mit der Umgebung verbinden<\/h2>\t\t\t\t<\/div>\n\t\t\t\t<\/div>\n\t\t\t\t<div class=\"elementor-element elementor-element-6b4ce75 elementor-widget elementor-widget-text-editor\" data-id=\"6b4ce75\" data-element_type=\"widget\" data-widget_type=\"text-editor.default\">\n\t\t\t\t<div class=\"elementor-widget-container\">\n\t\t\t\t\t\t\t\t\t<p>Remoticom ist bestrebt, die Beleuchtung intelligenter zu machen und die Beleuchtung \u00fcber ein gemeinsames Netzwerk mit den Benutzern und der Umgebung zu verbinden. Dies wird in Zukunft unter anderem zu erheblichen Einsparungen f\u00fchren. Bei diesem speziellen Projekt hat Remoticom unter anderem mit seinen Controllern und Sensoren f\u00fcr die Beleuchtungsk\u00f6rper mitgewirkt. Diese L\u00f6sungen erm\u00f6glichen es, das Licht von Laternenpf\u00e4hlen zu dimmen und sie alle \u00fcber ein sicheres Netzwerk miteinander in Kontakt zu halten und \u00fcber eine (Fern-)Anwendung zu steuern.<\/p>\t\t\t\t\t\t\t\t<\/div>\n\t\t\t\t<\/div>\n\t\t\t\t<div class=\"elementor-element elementor-element-74ec0d9 elementor-widget elementor-widget-image\" data-id=\"74ec0d9\" data-element_type=\"widget\" data-widget_type=\"image.default\">\n\t\t\t\t<div class=\"elementor-widget-container\">\n\t\t\t\t\t\t\t\t\t\t\t\t\t\t\t<img fetchpriority=\"high\" decoding=\"async\" width=\"2560\" height=\"1771\" src=\"https:\/\/remoticom.com\/wp-content\/uploads\/2021\/02\/sam-balye-QvQ3wRrkU1I-unsplash-scaled.jpg\" class=\"attachment-large size-large wp-image-9052\" alt=\"\" \/>\t\t\t\t\t\t\t\t\t\t\t\t\t\t\t<\/div>\n\t\t\t\t<\/div>\n\t\t\t\t<div class=\"elementor-element elementor-element-6ea62fb elementor-widget elementor-widget-heading\" data-id=\"6ea62fb\" data-element_type=\"widget\" data-widget_type=\"heading.default\">\n\t\t\t\t<div class=\"elementor-widget-container\">\n\t\t\t\t\t<h2 class=\"elementor-heading-title elementor-size-default\">die Lichtwirkung<span style=\"color: #FB3640\">.<\/span><\/h2>\t\t\t\t<\/div>\n\t\t\t\t<\/div>\n\t\t\t\t<div class=\"elementor-element elementor-element-2ccbaac elementor-widget elementor-widget-text-editor\" data-id=\"2ccbaac\" data-element_type=\"widget\" data-widget_type=\"text-editor.default\">\n\t\t\t\t<div class=\"elementor-widget-container\">\n\t\t\t\t\t\t\t\t\t<p>Auch in den Bereichen Sicherheit, Wohlbefinden und Lebensqualit\u00e4t spielt Licht eine Rolle. Dar\u00fcber hinaus hat die wissenschaftliche Forschung auch gezeigt, dass es sich auf die Lernleistung auswirkt. Aber denken Sie zum Beispiel auch an den Nachtfilter Ihres Handys und welche Wirkung Bildschirme heutzutage auf die Gem\u00fctslage haben.<br \/><br \/>Kurz gesagt, Sie finden \u00fcberall Innovationen in der Beleuchtung, die wir bei Remoticom Smart Lighting nennen. Wir sind sicher, dass das IKARES-Projekt ein gro\u00dfer Schritt in Richtung eines vernetzteren, nachhaltigeren und effizienteren Planeten ist.<\/p>\t\t\t\t\t\t\t\t<\/div>\n\t\t\t\t<\/div>\n\t\t\t\t<section class=\"elementor-section elementor-inner-section elementor-element elementor-element-b4d37c7 elementor-section-boxed elementor-section-height-default elementor-section-height-default\" data-id=\"b4d37c7\" data-element_type=\"section\">\n\t\t\t\t\t\t<div class=\"elementor-container elementor-column-gap-default\">\n\t\t\t\t\t<div class=\"elementor-column elementor-col-33 elementor-inner-column elementor-element elementor-element-2330331\" data-id=\"2330331\" data-element_type=\"column\">\n\t\t\t<div class=\"elementor-widget-wrap elementor-element-populated\">\n\t\t\t\t\t\t<div class=\"elementor-element elementor-element-e6434dc elementor-widget elementor-widget-image\" data-id=\"e6434dc\" data-element_type=\"widget\" data-widget_type=\"image.default\">\n\t\t\t\t<div class=\"elementor-widget-container\">\n\t\t\t\t\t\t\t\t\t\t\t\t<figure class=\"wp-caption\">\n\t\t\t\t\t\t\t\t\t\t\t<a href=\"https:\/\/ec.europa.eu\/regional_policy\/nl\/projects\/Netherlands\/dutch-project-shines-a-light-on-smart-sustainable-energy-use\">\n\t\t\t\t\t\t\t<img decoding=\"async\" width=\"1042\" height=\"1042\" data-src=\"https:\/\/remoticom.com\/wp-content\/uploads\/2021\/02\/IKARES-logo-web.png\" class=\"attachment-large size-large wp-image-9077 lazyload\" alt=\"\" src=\"data:image\/svg+xml;base64,PHN2ZyB3aWR0aD0iMSIgaGVpZ2h0PSIxIiB4bWxucz0iaHR0cDovL3d3dy53My5vcmcvMjAwMC9zdmciPjwvc3ZnPg==\" style=\"--smush-placeholder-width: 1042px; --smush-placeholder-aspect-ratio: 1042\/1042;\" \/>\t\t\t\t\t\t\t\t<\/a>\n\t\t\t\t\t\t\t\t\t\t\t<figcaption class=\"widget-image-caption wp-caption-text\"><\/figcaption>\n\t\t\t\t\t\t\t\t\t\t<\/figure>\n\t\t\t\t\t\t\t\t\t<\/div>\n\t\t\t\t<\/div>\n\t\t\t\t\t<\/div>\n\t\t<\/div>\n\t\t\t\t<div class=\"elementor-column elementor-col-33 elementor-inner-column elementor-element elementor-element-4788f50\" data-id=\"4788f50\" data-element_type=\"column\">\n\t\t\t<div class=\"elementor-widget-wrap elementor-element-populated\">\n\t\t\t\t\t\t<div class=\"elementor-element elementor-element-c47086e elementor-widget elementor-widget-image\" data-id=\"c47086e\" data-element_type=\"widget\" data-widget_type=\"image.default\">\n\t\t\t\t<div class=\"elementor-widget-container\">\n\t\t\t\t\t\t\t\t\t\t\t\t\t\t\t\t<a href=\"https:\/\/www.brabant.nl\/\">\n\t\t\t\t\t\t\t<img decoding=\"async\" width=\"1042\" height=\"1042\" data-src=\"https:\/\/remoticom.com\/wp-content\/uploads\/2021\/02\/NB-provincie-logo.png\" class=\"attachment-large size-large wp-image-9089 lazyload\" alt=\"\" src=\"data:image\/svg+xml;base64,PHN2ZyB3aWR0aD0iMSIgaGVpZ2h0PSIxIiB4bWxucz0iaHR0cDovL3d3dy53My5vcmcvMjAwMC9zdmciPjwvc3ZnPg==\" style=\"--smush-placeholder-width: 1042px; --smush-placeholder-aspect-ratio: 1042\/1042;\" \/>\t\t\t\t\t\t\t\t<\/a>\n\t\t\t\t\t\t\t\t\t\t\t\t\t\t\t<\/div>\n\t\t\t\t<\/div>\n\t\t\t\t\t<\/div>\n\t\t<\/div>\n\t\t\t\t<div class=\"elementor-column elementor-col-33 elementor-inner-column elementor-element elementor-element-f78dd41\" data-id=\"f78dd41\" data-element_type=\"column\">\n\t\t\t<div class=\"elementor-widget-wrap elementor-element-populated\">\n\t\t\t\t\t\t<div class=\"elementor-element elementor-element-72b9397 elementor-widget elementor-widget-image\" data-id=\"72b9397\" data-element_type=\"widget\" data-widget_type=\"image.default\">\n\t\t\t\t<div class=\"elementor-widget-container\">\n\t\t\t\t\t\t\t\t\t\t\t\t\t\t\t\t<a href=\"https:\/\/europa.eu\/european-union\/index_nl\">\n\t\t\t\t\t\t\t<img decoding=\"async\" width=\"1042\" height=\"1042\" data-src=\"https:\/\/remoticom.com\/wp-content\/uploads\/2021\/02\/EU-logo.png\" class=\"attachment-large size-large wp-image-9083 lazyload\" alt=\"\" src=\"data:image\/svg+xml;base64,PHN2ZyB3aWR0aD0iMSIgaGVpZ2h0PSIxIiB4bWxucz0iaHR0cDovL3d3dy53My5vcmcvMjAwMC9zdmciPjwvc3ZnPg==\" style=\"--smush-placeholder-width: 1042px; --smush-placeholder-aspect-ratio: 1042\/1042;\" \/>\t\t\t\t\t\t\t\t<\/a>\n\t\t\t\t\t\t\t\t\t\t\t\t\t\t\t<\/div>\n\t\t\t\t<\/div>\n\t\t\t\t\t<\/div>\n\t\t<\/div>\n\t\t\t\t\t<\/div>\n\t\t<\/section>\n\t\t\t\t<div class=\"elementor-element elementor-element-9e9d161 elementor-widget elementor-widget-text-editor\" data-id=\"9e9d161\" data-element_type=\"widget\" data-widget_type=\"text-editor.default\">\n\t\t\t\t<div class=\"elementor-widget-container\">\n\t\t\t\t\t\t\t\t\t<p><b>Externe Links<br \/><\/b><br \/><span style=\"font-size: 15px; font-style: normal; font-weight: 400; color: #fb3640;\">\u2022\u00a0<\/span><a href=\"https:\/\/www.stimulus.nl\/opzuid\/avada_portfolio\/ikares-intelligente-koolstofarme-energie-systemen\/\" target=\"_blank\" rel=\"noopener\">S\u00dcD<\/a><br \/><span style=\"font-size: 15px; font-style: normal; font-weight: 400; color: #fb3640;\">\u2022\u00a0<\/span><a href=\"https:\/\/www.bd.nl\/waalwijk-heusden-e-o\/hoe-stralen-de-lampen-in-de-toekomst-waalwijks-bedrijf-lightronics-weet-er-alles-van~afeadf7e\/?referrer=https%3A%2F%2Fwww.stimulus.nl%2F\"><span style=\"font-size: 15px; font-style: normal; font-weight: 400;\">Brabants Dagblad<\/span><\/a><\/p>\t\t\t\t\t\t\t\t<\/div>\n\t\t\t\t<\/div>\n\t\t\t\t\t<\/div>\n\t\t<\/div>\n\t\t\t\t\t<\/div>\n\t\t<\/section>\n\t\t\t\t<\/div>","protected":false},"excerpt":{"rendered":"<p>Samen met onze partner Lightronics streven we naar een reductie van de CO2 footprint door openbare verlichting te verduurzamen. Zo hebben we in de afgelopen jaren diverse pilot projecten in de bebouwde omgeving in met name Noord-Brabant mogen draaien. Hierbij zijn nieuwe technologie\u00ebn in praktijk gebracht en worden doorontwikkeld voor zowel de publieke- als private [&hellip;]<\/p>","protected":false},"author":3,"featured_media":9046,"comment_status":"closed","ping_status":"open","sticky":false,"template":"","format":"standard","meta":{"_acf_changed":false,"site-sidebar-layout":"default","site-content-layout":"default","ast-site-content-layout":"default","site-content-style":"default","site-sidebar-style":"default","ast-global-header-display":"","ast-banner-title-visibility":"","ast-main-header-display":"","ast-hfb-above-header-display":"","ast-hfb-below-header-display":"","ast-hfb-mobile-header-display":"","site-post-title":"","ast-breadcrumbs-content":"","ast-featured-img":"","footer-sml-layout":"","ast-disable-related-posts":"","theme-transparent-header-meta":"default","adv-header-id-meta":"","stick-header-meta":"","header-above-stick-meta":"","header-main-stick-meta":"","header-below-stick-meta":"","astra-migrate-meta-layouts":"default","ast-page-background-enabled":"default","ast-page-background-meta":{"desktop":{"background-color":"","background-image":"","background-repeat":"repeat","background-position":"center center","background-size":"auto","background-attachment":"scroll","background-type":"","background-media":"","overlay-type":"","overlay-color":"","overlay-opacity":"","overlay-gradient":""},"tablet":{"background-color":"","background-image":"","background-repeat":"repeat","background-position":"center center","background-size":"auto","background-attachment":"scroll","background-type":"","background-media":"","overlay-type":"","overlay-color":"","overlay-opacity":"","overlay-gradient":""},"mobile":{"background-color":"","background-image":"","background-repeat":"repeat","background-position":"center center","background-size":"auto","background-attachment":"scroll","background-type":"","background-media":"","overlay-type":"","overlay-color":"","overlay-opacity":"","overlay-gradient":""}},"ast-content-background-meta":{"desktop":{"background-color":"var(--ast-global-color-5)","background-image":"","background-repeat":"repeat","background-position":"center center","background-size":"auto","background-attachment":"scroll","background-type":"","background-media":"","overlay-type":"","overlay-color":"","overlay-opacity":"","overlay-gradient":""},"tablet":{"background-color":"var(--ast-global-color-5)","background-image":"","background-repeat":"repeat","background-position":"center center","background-size":"auto","background-attachment":"scroll","background-type":"","background-media":"","overlay-type":"","overlay-color":"","overlay-opacity":"","overlay-gradient":""},"mobile":{"background-color":"var(--ast-global-color-5)","background-image":"","background-repeat":"repeat","background-position":"center center","background-size":"auto","background-attachment":"scroll","background-type":"","background-media":"","overlay-type":"","overlay-color":"","overlay-opacity":"","overlay-gradient":""}},"footnotes":""},"categories":[16],"tags":[],"class_list":["post-9041","post","type-post","status-publish","format-standard","has-post-thumbnail","hentry","category-nieuws"],"acf":[],"yoast_head":"<!-- This site is optimized with the Yoast SEO plugin v27.5 - https:\/\/yoast.com\/product\/yoast-seo-wordpress\/ -->\n<title>NIEUWS: Het verlagen van de CO2 footprint. - Remoticom<\/title>\n<meta name=\"description\" content=\"Nieuws\" \/>\n<meta name=\"robots\" content=\"index, follow, max-snippet:-1, max-image-preview:large, max-video-preview:-1\" \/>\n<link rel=\"canonical\" href=\"https:\/\/remoticom.com\/de\/nieuws-het-verlagen-van-de-licht-footprint\/\" \/>\n<meta property=\"og:locale\" content=\"de_DE\" \/>\n<meta property=\"og:type\" content=\"article\" \/>\n<meta property=\"og:title\" content=\"NIEUWS: Het verlagen van de CO2 footprint. - Remoticom\" \/>\n<meta property=\"og:description\" content=\"Nieuws\" \/>\n<meta property=\"og:url\" content=\"https:\/\/remoticom.com\/de\/nieuws-het-verlagen-van-de-licht-footprint\/\" \/>\n<meta property=\"og:site_name\" content=\"Remoticom\" \/>\n<meta property=\"article:published_time\" content=\"2021-02-12T14:47:05+00:00\" \/>\n<meta property=\"article:modified_time\" content=\"2023-07-19T09:03:55+00:00\" \/>\n<meta property=\"og:image\" content=\"https:\/\/remoticom.com\/wp-content\/uploads\/2021\/02\/karim-manjra-4dPJQ6VsXjA-unsplash-scaled.jpg\" \/>\n\t<meta property=\"og:image:width\" content=\"2560\" \/>\n\t<meta property=\"og:image:height\" content=\"1707\" \/>\n\t<meta property=\"og:image:type\" content=\"image\/jpeg\" \/>\n<meta name=\"author\" content=\"Remoticom\" \/>\n<meta name=\"twitter:card\" content=\"summary_large_image\" \/>\n<meta name=\"twitter:label1\" content=\"Geschrieben von\" \/>\n\t<meta name=\"twitter:data1\" content=\"Remoticom\" \/>\n\t<meta name=\"twitter:label2\" content=\"Gesch\u00e4tzte Lesezeit\" \/>\n\t<meta name=\"twitter:data2\" content=\"2\u00a0Minuten\" \/>\n<script type=\"application\/ld+json\" class=\"yoast-schema-graph\">{\"@context\":\"https:\\\/\\\/schema.org\",\"@graph\":[{\"@type\":\"Article\",\"@id\":\"https:\\\/\\\/remoticom.com\\\/nieuws-het-verlagen-van-de-licht-footprint\\\/#article\",\"isPartOf\":{\"@id\":\"https:\\\/\\\/remoticom.com\\\/nieuws-het-verlagen-van-de-licht-footprint\\\/\"},\"author\":{\"name\":\"Remoticom\",\"@id\":\"https:\\\/\\\/remoticom.com\\\/nl_nl\\\/#\\\/schema\\\/person\\\/450b4e5543dfae2a975d1ac118ec1550\"},\"headline\":\"NIEUWS: Het verlagen van de CO2 footprint.\",\"datePublished\":\"2021-02-12T14:47:05+00:00\",\"dateModified\":\"2023-07-19T09:03:55+00:00\",\"mainEntityOfPage\":{\"@id\":\"https:\\\/\\\/remoticom.com\\\/nieuws-het-verlagen-van-de-licht-footprint\\\/\"},\"wordCount\":280,\"publisher\":{\"@id\":\"https:\\\/\\\/remoticom.com\\\/nl_nl\\\/#organization\"},\"image\":{\"@id\":\"https:\\\/\\\/remoticom.com\\\/nieuws-het-verlagen-van-de-licht-footprint\\\/#primaryimage\"},\"thumbnailUrl\":\"https:\\\/\\\/remoticom.com\\\/wp-content\\\/uploads\\\/2021\\\/02\\\/karim-manjra-4dPJQ6VsXjA-unsplash-scaled.jpg\",\"articleSection\":[\"Nieuws\"],\"inLanguage\":\"de\"},{\"@type\":\"WebPage\",\"@id\":\"https:\\\/\\\/remoticom.com\\\/nieuws-het-verlagen-van-de-licht-footprint\\\/\",\"url\":\"https:\\\/\\\/remoticom.com\\\/nieuws-het-verlagen-van-de-licht-footprint\\\/\",\"name\":\"NIEUWS: Het verlagen van de CO2 footprint. - Remoticom\",\"isPartOf\":{\"@id\":\"https:\\\/\\\/remoticom.com\\\/nl_nl\\\/#website\"},\"primaryImageOfPage\":{\"@id\":\"https:\\\/\\\/remoticom.com\\\/nieuws-het-verlagen-van-de-licht-footprint\\\/#primaryimage\"},\"image\":{\"@id\":\"https:\\\/\\\/remoticom.com\\\/nieuws-het-verlagen-van-de-licht-footprint\\\/#primaryimage\"},\"thumbnailUrl\":\"https:\\\/\\\/remoticom.com\\\/wp-content\\\/uploads\\\/2021\\\/02\\\/karim-manjra-4dPJQ6VsXjA-unsplash-scaled.jpg\",\"datePublished\":\"2021-02-12T14:47:05+00:00\",\"dateModified\":\"2023-07-19T09:03:55+00:00\",\"description\":\"Nieuws\",\"breadcrumb\":{\"@id\":\"https:\\\/\\\/remoticom.com\\\/nieuws-het-verlagen-van-de-licht-footprint\\\/#breadcrumb\"},\"inLanguage\":\"de\",\"potentialAction\":[{\"@type\":\"ReadAction\",\"target\":[\"https:\\\/\\\/remoticom.com\\\/nieuws-het-verlagen-van-de-licht-footprint\\\/\"]}]},{\"@type\":\"ImageObject\",\"inLanguage\":\"de\",\"@id\":\"https:\\\/\\\/remoticom.com\\\/nieuws-het-verlagen-van-de-licht-footprint\\\/#primaryimage\",\"url\":\"https:\\\/\\\/remoticom.com\\\/wp-content\\\/uploads\\\/2021\\\/02\\\/karim-manjra-4dPJQ6VsXjA-unsplash-scaled.jpg\",\"contentUrl\":\"https:\\\/\\\/remoticom.com\\\/wp-content\\\/uploads\\\/2021\\\/02\\\/karim-manjra-4dPJQ6VsXjA-unsplash-scaled.jpg\",\"width\":2560,\"height\":1707},{\"@type\":\"BreadcrumbList\",\"@id\":\"https:\\\/\\\/remoticom.com\\\/nieuws-het-verlagen-van-de-licht-footprint\\\/#breadcrumb\",\"itemListElement\":[{\"@type\":\"ListItem\",\"position\":1,\"name\":\"Home\",\"item\":\"https:\\\/\\\/remoticom.com\\\/\"},{\"@type\":\"ListItem\",\"position\":2,\"name\":\"NIEUWS: Het verlagen van de CO2 footprint.\"}]},{\"@type\":\"WebSite\",\"@id\":\"https:\\\/\\\/remoticom.com\\\/nl_nl\\\/#website\",\"url\":\"https:\\\/\\\/remoticom.com\\\/nl_nl\\\/\",\"name\":\"Remoticom\",\"description\":\"Connects the future\",\"publisher\":{\"@id\":\"https:\\\/\\\/remoticom.com\\\/nl_nl\\\/#organization\"},\"potentialAction\":[{\"@type\":\"SearchAction\",\"target\":{\"@type\":\"EntryPoint\",\"urlTemplate\":\"https:\\\/\\\/remoticom.com\\\/nl_nl\\\/?s={search_term_string}\"},\"query-input\":{\"@type\":\"PropertyValueSpecification\",\"valueRequired\":true,\"valueName\":\"search_term_string\"}}],\"inLanguage\":\"de\"},{\"@type\":\"Organization\",\"@id\":\"https:\\\/\\\/remoticom.com\\\/nl_nl\\\/#organization\",\"name\":\"Remoticom\",\"url\":\"https:\\\/\\\/remoticom.com\\\/nl_nl\\\/\",\"logo\":{\"@type\":\"ImageObject\",\"inLanguage\":\"de\",\"@id\":\"https:\\\/\\\/remoticom.com\\\/nl_nl\\\/#\\\/schema\\\/logo\\\/image\\\/\",\"url\":\"https:\\\/\\\/remoticom.com\\\/wp-content\\\/uploads\\\/2024\\\/09\\\/Logo_Remoticom.png\",\"contentUrl\":\"https:\\\/\\\/remoticom.com\\\/wp-content\\\/uploads\\\/2024\\\/09\\\/Logo_Remoticom.png\",\"width\":22889,\"height\":10145,\"caption\":\"Remoticom\"},\"image\":{\"@id\":\"https:\\\/\\\/remoticom.com\\\/nl_nl\\\/#\\\/schema\\\/logo\\\/image\\\/\"},\"sameAs\":[\"https:\\\/\\\/www.instagram.com\\\/remoticom\\\/\",\"https:\\\/\\\/www.linkedin.com\\\/company\\\/remoticom-bv\"]},{\"@type\":\"Person\",\"@id\":\"https:\\\/\\\/remoticom.com\\\/nl_nl\\\/#\\\/schema\\\/person\\\/450b4e5543dfae2a975d1ac118ec1550\",\"name\":\"Remoticom\"}]}<\/script>\n<!-- \/ Yoast SEO plugin. -->","yoast_head_json":{"title":"NIEUWS: Het verlagen van de CO2 footprint. - Remoticom","description":"Nachrichten","robots":{"index":"index","follow":"follow","max-snippet":"max-snippet:-1","max-image-preview":"max-image-preview:large","max-video-preview":"max-video-preview:-1"},"canonical":"https:\/\/remoticom.com\/de\/nieuws-het-verlagen-van-de-licht-footprint\/","og_locale":"de_DE","og_type":"article","og_title":"NIEUWS: Het verlagen van de CO2 footprint. - Remoticom","og_description":"Nieuws","og_url":"https:\/\/remoticom.com\/de\/nieuws-het-verlagen-van-de-licht-footprint\/","og_site_name":"Remoticom","article_published_time":"2021-02-12T14:47:05+00:00","article_modified_time":"2023-07-19T09:03:55+00:00","og_image":[{"width":2560,"height":1707,"url":"https:\/\/remoticom.com\/wp-content\/uploads\/2021\/02\/karim-manjra-4dPJQ6VsXjA-unsplash-scaled.jpg","type":"image\/jpeg"}],"author":"Remoticom","twitter_card":"summary_large_image","twitter_misc":{"Geschrieben von":"Remoticom","Gesch\u00e4tzte Lesezeit":"2\u00a0Minuten"},"schema":{"@context":"https:\/\/schema.org","@graph":[{"@type":"Article","@id":"https:\/\/remoticom.com\/nieuws-het-verlagen-van-de-licht-footprint\/#article","isPartOf":{"@id":"https:\/\/remoticom.com\/nieuws-het-verlagen-van-de-licht-footprint\/"},"author":{"name":"Remoticom","@id":"https:\/\/remoticom.com\/nl_nl\/#\/schema\/person\/450b4e5543dfae2a975d1ac118ec1550"},"headline":"NIEUWS: Het verlagen van de CO2 footprint.","datePublished":"2021-02-12T14:47:05+00:00","dateModified":"2023-07-19T09:03:55+00:00","mainEntityOfPage":{"@id":"https:\/\/remoticom.com\/nieuws-het-verlagen-van-de-licht-footprint\/"},"wordCount":280,"publisher":{"@id":"https:\/\/remoticom.com\/nl_nl\/#organization"},"image":{"@id":"https:\/\/remoticom.com\/nieuws-het-verlagen-van-de-licht-footprint\/#primaryimage"},"thumbnailUrl":"https:\/\/remoticom.com\/wp-content\/uploads\/2021\/02\/karim-manjra-4dPJQ6VsXjA-unsplash-scaled.jpg","articleSection":["Nieuws"],"inLanguage":"de"},{"@type":"WebPage","@id":"https:\/\/remoticom.com\/nieuws-het-verlagen-van-de-licht-footprint\/","url":"https:\/\/remoticom.com\/nieuws-het-verlagen-van-de-licht-footprint\/","name":"NIEUWS: Het verlagen van de CO2 footprint. - Remoticom","isPartOf":{"@id":"https:\/\/remoticom.com\/nl_nl\/#website"},"primaryImageOfPage":{"@id":"https:\/\/remoticom.com\/nieuws-het-verlagen-van-de-licht-footprint\/#primaryimage"},"image":{"@id":"https:\/\/remoticom.com\/nieuws-het-verlagen-van-de-licht-footprint\/#primaryimage"},"thumbnailUrl":"https:\/\/remoticom.com\/wp-content\/uploads\/2021\/02\/karim-manjra-4dPJQ6VsXjA-unsplash-scaled.jpg","datePublished":"2021-02-12T14:47:05+00:00","dateModified":"2023-07-19T09:03:55+00:00","description":"Nachrichten","breadcrumb":{"@id":"https:\/\/remoticom.com\/nieuws-het-verlagen-van-de-licht-footprint\/#breadcrumb"},"inLanguage":"de","potentialAction":[{"@type":"ReadAction","target":["https:\/\/remoticom.com\/nieuws-het-verlagen-van-de-licht-footprint\/"]}]},{"@type":"ImageObject","inLanguage":"de","@id":"https:\/\/remoticom.com\/nieuws-het-verlagen-van-de-licht-footprint\/#primaryimage","url":"https:\/\/remoticom.com\/wp-content\/uploads\/2021\/02\/karim-manjra-4dPJQ6VsXjA-unsplash-scaled.jpg","contentUrl":"https:\/\/remoticom.com\/wp-content\/uploads\/2021\/02\/karim-manjra-4dPJQ6VsXjA-unsplash-scaled.jpg","width":2560,"height":1707},{"@type":"BreadcrumbList","@id":"https:\/\/remoticom.com\/nieuws-het-verlagen-van-de-licht-footprint\/#breadcrumb","itemListElement":[{"@type":"ListItem","position":1,"name":"Home","item":"https:\/\/remoticom.com\/"},{"@type":"ListItem","position":2,"name":"NIEUWS: Het verlagen van de CO2 footprint."}]},{"@type":"WebSite","@id":"https:\/\/remoticom.com\/nl_nl\/#website","url":"https:\/\/remoticom.com\/nl_nl\/","name":"Remoticom","description":"Verbindet die Zukunft","publisher":{"@id":"https:\/\/remoticom.com\/nl_nl\/#organization"},"potentialAction":[{"@type":"SearchAction","target":{"@type":"EntryPoint","urlTemplate":"https:\/\/remoticom.com\/nl_nl\/?s={search_term_string}"},"query-input":{"@type":"PropertyValueSpecification","valueRequired":true,"valueName":"search_term_string"}}],"inLanguage":"de"},{"@type":"Organization","@id":"https:\/\/remoticom.com\/nl_nl\/#organization","name":"Remoticom","url":"https:\/\/remoticom.com\/nl_nl\/","logo":{"@type":"ImageObject","inLanguage":"de","@id":"https:\/\/remoticom.com\/nl_nl\/#\/schema\/logo\/image\/","url":"https:\/\/remoticom.com\/wp-content\/uploads\/2024\/09\/Logo_Remoticom.png","contentUrl":"https:\/\/remoticom.com\/wp-content\/uploads\/2024\/09\/Logo_Remoticom.png","width":22889,"height":10145,"caption":"Remoticom"},"image":{"@id":"https:\/\/remoticom.com\/nl_nl\/#\/schema\/logo\/image\/"},"sameAs":["https:\/\/www.instagram.com\/remoticom\/","https:\/\/www.linkedin.com\/company\/remoticom-bv"]},{"@type":"Person","@id":"https:\/\/remoticom.com\/nl_nl\/#\/schema\/person\/450b4e5543dfae2a975d1ac118ec1550","name":"Remoticom"}]}},"_links":{"self":[{"href":"https:\/\/remoticom.com\/de\/wp-json\/wp\/v2\/posts\/9041","targetHints":{"allow":["GET"]}}],"collection":[{"href":"https:\/\/remoticom.com\/de\/wp-json\/wp\/v2\/posts"}],"about":[{"href":"https:\/\/remoticom.com\/de\/wp-json\/wp\/v2\/types\/post"}],"author":[{"embeddable":true,"href":"https:\/\/remoticom.com\/de\/wp-json\/wp\/v2\/users\/3"}],"replies":[{"embeddable":true,"href":"https:\/\/remoticom.com\/de\/wp-json\/wp\/v2\/comments?post=9041"}],"version-history":[{"count":18,"href":"https:\/\/remoticom.com\/de\/wp-json\/wp\/v2\/posts\/9041\/revisions"}],"predecessor-version":[{"id":13966,"href":"https:\/\/remoticom.com\/de\/wp-json\/wp\/v2\/posts\/9041\/revisions\/13966"}],"wp:featuredmedia":[{"embeddable":true,"href":"https:\/\/remoticom.com\/de\/wp-json\/wp\/v2\/media\/9046"}],"wp:attachment":[{"href":"https:\/\/remoticom.com\/de\/wp-json\/wp\/v2\/media?parent=9041"}],"wp:term":[{"taxonomy":"category","embeddable":true,"href":"https:\/\/remoticom.com\/de\/wp-json\/wp\/v2\/categories?post=9041"},{"taxonomy":"post_tag","embeddable":true,"href":"https:\/\/remoticom.com\/de\/wp-json\/wp\/v2\/tags?post=9041"}],"curies":[{"name":"wp","href":"https:\/\/api.w.org\/{rel}","templated":true}]}}